{"id":104,"date":"2015-05-03T18:15:47","date_gmt":"2015-05-03T15:15:47","guid":{"rendered":"http:\/\/mielenaukea.fi\/wordpress\/?p=104"},"modified":"2015-05-03T18:15:47","modified_gmt":"2015-05-03T15:15:47","slug":"kuusi-minaa-minussa","status":"publish","type":"post","link":"http:\/\/mielenaukea.fi\/?p=104","title":{"rendered":"KUUSI MIN\u00c4\u00c4 MINUSSA"},"content":{"rendered":"<p>Olemuksellinen kokonaisuuden visualisointi.<\/p>\n<p>Tarvikkeina iso paperi ja v\u00e4rikyn\u00e4t\/liidut\/tussit.<\/p>\n<p>Pyyd\u00e4 ryhm\u00e4l\u00e4isi\u00e4 piirt\u00e4m\u00e4\u00e4n suhteellisen nopeasti haluamallaan tavalla ja v\u00e4rill\u00e4 (figuurina, abstraktiona, v\u00e4risymboleina) &#8221;min\u00e4ns\u00e4&#8221; luettelemasi olemuspuolen mukaisesti.<\/p>\n<ul>\n<li>\u00e4lyllinen\/psykologinen min\u00e4<\/li>\n<li>kehollinen\/fyysinen min\u00e4<\/li>\n<li>henkinen\/emotionaalinen min\u00e4<\/li>\n<li>tunteellinen\/tunteva min\u00e4<\/li>\n<li>julkinen\/sosiaalinen min\u00e4<\/li>\n<li>yksityinen\/eksistentialistinen min\u00e4<\/li>\n<\/ul>\n<p>Purku<\/p>\n<ul>\n<li>Jokainen esittelee min\u00e4ns\u00e4 kuten haluaa<\/li>\n<li>Voi my\u00f6s j\u00e4tt\u00e4\u00e4 kertomatta ja kuvata millaista oli tehd\u00e4 ja miten mielikuva ulkoistui<\/li>\n<li>Luvalla muut voivat kertoa mit\u00e4 n\u00e4kev\u00e4t, korostetaan ett\u00e4 n\u00e4kemykset ovat kunkin henkil\u00f6kohtaisia<\/li>\n<li>Piirt\u00e4j\u00e4 voi avata lopuksi her\u00e4tt\u00e4\u00e4k\u00f6 reflektio uusia n\u00e4k\u00f6kulmia itseen<\/li>\n<\/ul>\n<p>L\u00e4hde: Katriina Pajupuro 1986<\/p>\n","protected":false},"excerpt":{"rendered":"<p>Olemuksellinen kokonaisuuden visualisointi. Tarvikkeina iso paperi ja v\u00e4rikyn\u00e4t\/liidut\/tussit. Pyyd\u00e4 ryhm\u00e4l\u00e4isi\u00e4 piirt\u00e4m\u00e4\u00e4n suhteellisen nopeasti haluamallaan tavalla ja v\u00e4rill\u00e4 (figuurina, abstraktiona, v\u00e4risymboleina) &#8221;min\u00e4ns\u00e4&#8221; luettelemasi olemuspuolen mukaisesti. \u00e4lyllinen\/psykologinen min\u00e4 kehollinen\/fyysinen min\u00e4 henkinen\/emotionaalinen min\u00e4 tunteellinen\/tunteva min\u00e4 julkinen\/sosiaalinen min\u00e4 yksityinen\/eksistentialistinen min\u00e4 Purku Jokainen esittelee min\u00e4ns\u00e4 &hellip; <a href=\"http:\/\/mielenaukea.fi\/?p=104\">Lue loppuun <span class=\"meta-nav\">&rarr;<\/span><\/a><\/p>\n","protected":false},"author":1,"featured_media":0,"comment_status":"open","ping_status":"closed","sticky":false,"template":"","format":"standard","meta":{"footnotes":""},"categories":[7],"tags":[19,13],"class_list":["post-104","post","type-post","status-publish","format-standard","hentry","category-menetelmat","tag-itsekuva","tag-kuvataide"],"_links":{"self":[{"href":"http:\/\/mielenaukea.fi\/index.php?rest_route=\/wp\/v2\/posts\/104","targetHints":{"allow":["GET"]}}],"collection":[{"href":"http:\/\/mielenaukea.fi\/index.php?rest_route=\/wp\/v2\/posts"}],"about":[{"href":"http:\/\/mielenaukea.fi\/index.php?rest_route=\/wp\/v2\/types\/post"}],"author":[{"embeddable":true,"href":"http:\/\/mielenaukea.fi\/index.php?rest_route=\/wp\/v2\/users\/1"}],"replies":[{"embeddable":true,"href":"http:\/\/mielenaukea.fi\/index.php?rest_route=%2Fwp%2Fv2%2Fcomments&post=104"}],"version-history":[{"count":1,"href":"http:\/\/mielenaukea.fi\/index.php?rest_route=\/wp\/v2\/posts\/104\/revisions"}],"predecessor-version":[{"id":105,"href":"http:\/\/mielenaukea.fi\/index.php?rest_route=\/wp\/v2\/posts\/104\/revisions\/105"}],"wp:attachment":[{"href":"http:\/\/mielenaukea.fi\/index.php?rest_route=%2Fwp%2Fv2%2Fmedia&parent=104"}],"wp:term":[{"taxonomy":"category","embeddable":true,"href":"http:\/\/mielenaukea.fi\/index.php?rest_route=%2Fwp%2Fv2%2Fcategories&post=104"},{"taxonomy":"post_tag","embeddable":true,"href":"http:\/\/mielenaukea.fi\/index.php?rest_route=%2Fwp%2Fv2%2Ftags&post=104"}],"curies":[{"name":"wp","href":"https:\/\/api.w.org\/{rel}","templated":true}]}}